{"id":2362972,"date":"2023-06-25T07:31:00","date_gmt":"2023-06-25T05:31:00","guid":{"rendered":"https:\/\/www.nina.care\/wie-viel-schlaf-braucht-ein-kind-wir-erklaeren-es-bis-ins-kleinste-detail\/"},"modified":"2025-03-06T10:55:52","modified_gmt":"2025-03-06T08:55:52","slug":"wie-viel-schlaf-braucht-ein-kind","status":"publish","type":"post","link":"https:\/\/www.nina.care\/de\/blog\/wie-viel-schlaf-braucht-ein-kind\/","title":{"rendered":"Wie viel Schlaf braucht ein Kind? Wir erkl\u00e4ren es bis ins kleinste Detail."},"content":{"rendered":"\n<p class=\"has-black-color has-text-color has-link-color wp-elements-b7e962bd91f4107ed693e62e7f81db27\">Wir alle wissen, wie wichtig Schlaf f\u00fcr die Gesundheit und Entwicklung von Kindern ist. Schlaf bringt Ruhe und Erholung. Schlaf braucht ein Kind \u2013 Tag und Nacht. Schlaf braucht Ihr Kind. <br>Es ist wichtig, dass Kinder gen\u00fcgend Stunden Schlaf bekommen, damit sie tags\u00fcber gut funktionieren k\u00f6nnen. Je nach Alter des Kindes braucht es eine bestimmte Anzahl von Stunden Schlaf pro Nacht. \u00c4ltere Kinder brauchen zum Beispiel im Durchschnitt zwischen 9 und 12 Stunden Schlaf pro Nacht. Au\u00dferdem ist es wichtig, dass Kinder nachts in einer ruhigen und dunklen Umgebung schlafen k\u00f6nnen, damit sie sich sicher f\u00fchlen. <br>Als Eltern ist es unsere Aufgabe, daf\u00fcr zu sorgen, dass unser Kind genug Schlaf bekommt und zu einer bestimmten Zeit ins Bett geht. Damit du sicher sein kannst, dass dein Kind genug Schlaf bekommt, teilen wir die durchschnittliche Anzahl der Schlafstunden nach Altersgruppen.<\/p>\n\n\n\n\n\n<h2 class=\"wp-block-heading\">Wie wichtig ist ausreichender Schlaf?<\/h2>\n\n\n\n<p>Ausreichend Schlaf ist f\u00fcr uns alle wichtig, damit wir uns vom Tag erholen, uns richtig ausruhen und die Emotionen und Erfahrungen des Tages verarbeiten k\u00f6nnen. Wenn du genug Schlaf bekommst, wachst du ausgeruht auf und bist bereit, dich den Herausforderungen des Tages zu stellen. Aber f\u00fcr Kinder ist der Schlaf noch wichtiger.  <\/p>\n\n\n\n<div class=\"wp-block-ninacare-nc-banner nc-banner banner5\"><a href=\"https:\/\/app.nina.care\/register?type=host&#038;utm_source=organic&#038;utm_medium=banner&#038;utm_campaign=blog+banner&#038;utm_term=blog+banner&#038;utm_content=EN_host_aup_2025\" target=\"_blank\" rel=\"noopener\"><img decoding=\"async\" src=\"https:\/\/www.nina.care\/wp-content\/uploads\/2025\/02\/au-pair-banner-mobile-en.jpg\" alt=\"Banner\"><\/a><\/div>\n\n\n\n<h3 class=\"wp-block-heading\">Wachstum und Entwicklung<\/h3>\n\n\n\n<p>F\u00fcr Kinder ist ausreichender Schlaf wichtig f\u00fcr die grundlegende Entwicklung und das Wachstum. Im Schlaf werden Wachstumshormone produziert, die f\u00fcr die Zellreparatur sorgen und logischerweise das Wachstum f\u00f6rdern. Ein Baby ist total niedlich, aber nat\u00fcrlich willst du, dass dein Baby w\u00e4chst.  <\/p>\n\n\n\n<h3 class=\"wp-block-heading\">Kognitive Funktionen<\/h3>\n\n\n\n<p>Das Gehirn arbeitet die ganze Nacht hindurch weiter und verarbeitet die neu gelernten Informationen des Tages. Schlafmangel f\u00fchrt dazu, dass dein Kind tags\u00fcber Schwierigkeiten hat, sich zu konzentrieren und deshalb weniger leicht neue Dinge lernt. <\/p>\n\n\n<div class=\"wp-block-image\">\n<figure class=\"aligncenter size-full is-resized\"><img decoding=\"async\" src=\"https:\/\/www.nina.care\/wp-content\/uploads\/2023\/02\/Hoeveel-slaap-heeft-een-kind-nodig-Meisje-wordt-net-wakker-uit-een-diepe-slaap-1.jpg\" alt=\"M\u00e4dchen wacht gerade aus einem tiefen Schlaf auf\" class=\"wp-image-182316\" style=\"width:633px;height:423px\"\/><figcaption class=\"wp-element-caption\">M\u00e4dchen wacht gerade aus einem tiefen Schlaf auf<\/figcaption><\/figure>\n<\/div>\n\n\n<h3 class=\"wp-block-heading\">Schlaf erh\u00f6ht die Widerstandsf\u00e4higkeit<\/h3>\n\n\n\n<p>Zu wenig Schlaf kann dazu f\u00fchren, dass sich das Immunsystem von Kindern weniger gut entwickelt, wodurch dein Kind eher krank wird. Kinder m\u00fcssen erst noch ein Immunsystem aufbauen. Wenn dein Kind also nicht ausreichend schl\u00e4ft, kann das schwerwiegende Folgen haben. <\/p>\n\n\n\n<h2 class=\"wp-block-heading\">Unterschiedlicher Schlafrhythmus<\/h2>\n\n\n\n<p>Kinder haben aufgrund ihrer unterschiedlichen Schlaf- und Entwicklungsbed\u00fcrfnisse ein anderes Schlafverhalten. Vom S\u00e4uglingsalter bis zum Teenageralter haben Kinder einen l\u00e4ngeren Tiefschlaf als wir im Alter. Diese Phase des <a href=\"https:\/\/www.nina.care\/nl\/blog\/de-slaapcyclus-van-een-jong-kind\/\" data-type=\"URL\" data-id=\"https:\/\/www.nina.care\/nl\/blog\/de-slaapcyclus-van-een-jong-kind\/\">Schlafzyklus <\/a>sorgt f\u00fcr Wachstum und Erholung und ist daher wichtig f\u00fcr Kinder.  <\/p>\n\n\n\n<p>Sobald wir erwachsen sind, \u00e4ndern sich die Schlafmuster und der REM-Schlaf ist der wichtigste Teil unseres Schlafrhythmus. Dieser Teil dient der geistigen Erholung, die f\u00fcr die Verarbeitung von Ereignissen und Emotionen wichtig ist. Das wird ab der Pubert\u00e4t noch wichtiger, denn von da an m\u00fcssen wir mehr emotionale Reize verarbeiten.  <\/p>\n\n\n\n<h2 class=\"wp-block-heading\">Schlafmenge nach Alter<\/h2>\n\n\n\n<p>Es gibt keine allgemeing\u00fcltige Antwort auf die Frage, wie viel Schlaf dein Kind braucht, auch wenn es Websites gibt, die das auf eine halbe Stunde genau angeben. Wie bei Erwachsenen brauchen manche Kinder mehr Schlaf als andere, aber es gibt einen guten Anhaltspunkt daf\u00fcr, wie viele Stunden Schlaf junge Kinder brauchen. <\/p>\n\n\n<div class=\"wp-block-image is-style-default\">\n<figure class=\"aligncenter size-full is-resized\"><img decoding=\"async\" src=\"https:\/\/www.nina.care\/wp-content\/uploads\/2023\/02\/Hoeveel-slaap-heeft-een-kind-nodig-Een-pasgeboren-baby-slaapt-het-grootste-deel-van-de-dag-1.jpg\" alt=\"Ein neugeborenes Baby schl\u00e4ft die meiste Zeit des Tages\" class=\"wp-image-182320\" style=\"width:626px;height:417px\"\/><figcaption class=\"wp-element-caption\">Ein neugeborenes Baby schl\u00e4ft die meiste Zeit des Tages<\/figcaption><\/figure>\n<\/div>\n\n\n<h4 class=\"wp-block-heading\">Neugeborenes Baby<\/h4>\n\n\n\n<p>Im Durchschnitt schl\u00e4ft ein Baby zwischen 16 und 20 Stunden am Tag. Das mag sich nicht immer so anf\u00fchlen, da sie zwischendurch oft aufwachen. Das liegt daran, dass der Schlafzyklus eines Babys nur 40 Minuten betr\u00e4gt und es daher alle 40 Minuten wach ist. Manchmal schlafen sie wieder ein, aber oft auch nicht.   <\/p>\n\n\n\n<h4 class=\"wp-block-heading\">Baby 3 &#8211; 12 Monate<\/h4>\n\n\n\n<p>Nach den ersten 3 Monaten nimmt das Schlafbed\u00fcrfnis bereits ab. Ein Baby ab 3 Monaten braucht etwa 13 bis 14 Stunden Schlaf. <\/p>\n\n\n\n<h4 class=\"wp-block-heading\">1 &#8211; 3 Jahre<\/h4>\n\n\n\n<p>Ein Kleinkind braucht 12 bis 13 Stunden Schlaf. Ein weiterer Mittagsschlaf wird oft gehalten, bis das Kind 3 Jahre alt ist. <\/p>\n\n\n\n<h4 class=\"wp-block-heading\">4 &#8211; 7 Jahre<\/h4>\n\n\n\n<p>Kleine Kinder brauchen etwa 10 bis 11 Stunden Schlaf. Manche Kinder brauchen noch 11,5 Stunden Schlaf und manche kommen mit 10 Stunden Schlaf aus. <\/p>\n\n\n\n<h4 class=\"wp-block-heading\">8 bis 11 Jahre<\/h4>\n\n\n\n<p>Kinder im Alter von 8 bis 11 Jahren schlafen normalerweise etwa 9 bis 10 Stunden.<\/p>\n\n\n\n<h4 class=\"wp-block-heading\">11 bis 15 Jahre<\/h4>\n\n\n\n<p>Junge Teenager zwischen 11 und 15 Jahren brauchen normalerweise 8 bis 10 Stunden Schlaf.<\/p>\n\n\n\n<h4 class=\"wp-block-heading\">Und danach?<\/h4>\n\n\n\n<p>Wenn wir \u00e4lter werden, brauchen wir weniger Schlaf. Doch das ist nicht immer der Fall und dieser Z\u00e4hler nimmt nicht st\u00e4ndig ab. Wenn das der Fall w\u00e4re, w\u00fcrden wir alle irgendwann mit wenigen Stunden Schlaf auskommen. Aber das ist nicht der Fall. Je \u00e4lter wir werden, desto st\u00e4rker variiert der Schlafbedarf von Mensch zu Mensch. Wacht dein Kind morgens vor dem Wecker auf? Dann kannst du sicher sein, dass es genug Schlaf bekommt.      <\/p>\n\n\n<div class=\"wp-block-image\">\n<figure class=\"aligncenter size-full is-resized\"><img decoding=\"async\" src=\"https:\/\/www.nina.care\/wp-content\/uploads\/2023\/02\/Hoeveel-slaap-heeft-een-kind-nodig-Naarmate-we-ouder-worden-hebben-we-minder-slaap-nodig-1.jpg\" alt=\"Wenn wir \u00e4lter werden, brauchen wir weniger Schlaf\" class=\"wp-image-182324\" style=\"width:659px;height:439px\"\/><figcaption class=\"wp-element-caption\">Wenn wir \u00e4lter werden, brauchen wir weniger Schlaf<\/figcaption><\/figure>\n<\/div>\n\n\n<h2 class=\"wp-block-heading\">Woran erkenne ich Schlafmangel bei meinem Kind?<\/h2>\n\n\n\n<p>Hast du das Gef\u00fchl, dass dein Kind genug schl\u00e4ft, bist dir aber nicht sicher? Dann gibt es eine Reihe von Anzeichen, die darauf hindeuten, dass dein Kind nicht genug schl\u00e4ft oder Schlafprobleme haben k\u00f6nnte. <\/p>\n\n\n\n<h3 class=\"wp-block-heading\">Anzeichen f\u00fcr Schlafmangel<\/h3>\n\n\n\n<ul class=\"wp-block-list\">\n<li>Anspannung oder Stress<\/li>\n\n\n\n<li>Konzentrationsprobleme<\/li>\n\n\n\n<li>aufdringliches oder hektisches Verhalten<\/li>\n\n\n\n<li>schlechte Schulleistungen<\/li>\n\n\n\n<li>verminderter oder gesteigerter Appetit<\/li>\n<\/ul>\n\n\n\n<h3 class=\"wp-block-heading\">Anzeichen daf\u00fcr, dass dein Kind genug schl\u00e4ft<\/h3>\n\n\n\n<ul class=\"wp-block-list\">\n<li>f\u00fcr die Schule, morgens ohne Wecker aufwachen<\/li>\n\n\n\n<li>Verlangen nach dem Fr\u00fchst\u00fcck gleich nach dem Aufstehen<\/li>\n\n\n\n<li>an den Wochenenden den gleichen Rhythmus beibehalten<\/li>\n\n\n\n<li>hat genug Energie, um drau\u00dfen zu spielen und sich zu bewegen<\/li>\n\n\n\n<li>g\u00e4hnt tags\u00fcber nicht und\/oder klagt nicht \u00fcber M\u00fcdigkeit<\/li>\n<\/ul>\n\n\n\n<h2 class=\"wp-block-heading\">Welche Schlafenszeit ist f\u00fcr Kinder ideal?<\/h2>\n\n\n\n<p>Jetzt, wo du wei\u00dft, wie lange dein Kind schlafen muss, fragst du dich vielleicht auch, welche <a href=\"https:\/\/www.nina.care\/de\/blog\/schlafenszeit-kinder\/\">Schlafenszeit<\/a> du einhalten solltest. Jeder hat eine ideale Schlafenszeit. Das ist ein nat\u00fcrlicher Zeitpunkt, an dem es leicht einschl\u00e4ft und gen\u00fcgend Stunden Schlaf bekommt. Du kannst diesen Zeitpunkt erkennen, wenn du dein Kind genau beobachtest.<\/p>\n\n\n\n<h3 class=\"wp-block-heading\">Wie merke ich, wenn mein Kind m\u00fcde ist?<\/h3>\n\n\n\n<p>Anzeichen daf\u00fcr, dass du die nat\u00fcrliche Schlafenszeit deines Kindes erreicht hast, sind u.a:<\/p>\n\n\n\n<ul class=\"wp-block-list\">\n<li>Augen reiben<\/li>\n\n\n\n<li>g\u00e4hnen<\/li>\n\n\n\n<li>Starren oder Tagtr\u00e4umen<\/li>\n\n\n\n<li>N\u00f6rgeln und n\u00f6rgelndes Verhalten<\/li>\n\n\n\n<li>kein Interesse an Spielzeug<\/li>\n\n\n\n<li>Fummeln an den Ohren<\/li>\n\n\n\n<li>rote Wangen<\/li>\n<\/ul>\n\n\n\n<p>Bemerkst du diese Anzeichen? Dann ist es an der Zeit, dein Kind ins Bett zu bringen. Manchmal scheint dein Kind \u00fcberhaupt nicht m\u00fcde zu sein. In diesem Fall hast du diesen nat\u00fcrlichen Schlafzeitpunkt bereits \u00fcberschritten. Kinder sind dann oft sehr besch\u00e4ftigt und nervig. Das kann tats\u00e4chlich zu Schlafproblemen f\u00fchren, weil sie keinen tiefen Schlaf mehr finden.    <\/p>\n\n\n\n<h2 class=\"wp-block-heading\">Worauf sollte ich achten, wenn es um die Schlafenszeit geht?<\/h2>\n\n\n\n<p>Denke daran, dass es mindestens 15 Minuten dauert, bis es einschl\u00e4ft. Du musst also ab dem Moment z\u00e4hlen, in dem es einschl\u00e4ft. F\u00e4ngt dein Kind um 8 Uhr an, sich die Augen zu reiben? Dann ist 7:30 Uhr eine gute Zeit, um schlafen zu gehen. Willst du noch eine Geschichte vorlesen? Dann mach das vorher.    <\/p>\n\n\n\n<p>Halte eine feste Schlafenszeit ein, um eine <a href=\"https:\/\/www.nina.care\/nl\/blog\/een-goed-wind-down-en-bedritueel\/\">gute Routine<\/a> zu entwickeln. Das sorgt automatisch daf\u00fcr, dass dein Kind zur gleichen Zeit m\u00fcde wird und morgens auch ohne Wecker aufwacht. <\/p>\n\n\n<div id=\"rank-math-faq\" class=\"rank-math-block\">\n<div class=\"rank-math-list \">\n<div id=\"faq-question-1687785094571\" class=\"rank-math-list-item\">\n<h3 class=\"rank-math-question \">Ist Schlaf wichtig f\u00fcr das Wachstum?<\/h3>\n<div class=\"rank-math-answer \">\n\n<p>Schlaf ist wichtig f\u00fcr das Wachstum von Kindern. Ihre Gehirne sind aktiv und es werden Wachstumshormone ausgesch\u00fcttet. Sowohl f\u00fcr die k\u00f6rperliche als auch f\u00fcr die geistige Gesundheit ist ausreichend Schlaf sehr wichtig.  <\/p>\n\n<\/div>\n<\/div>\n<div id=\"faq-question-1687785208429\" class=\"rank-math-list-item\">\n<h3 class=\"rank-math-question \">Was passiert, wenn ein Kind zu wenig schl\u00e4ft?<\/h3>\n<div class=\"rank-math-answer \">\n\n<p>Wenn ein Kind nicht genug schl\u00e4ft, kann das zu Problemen f\u00fchren. Zum Beispiel wird das Kind emotional instabiler und zeigt auch in der Schule weniger gute Leistungen. Auch die Energie nimmt ab, was zu weniger Aktivit\u00e4ten und damit zu \u00dcbergewicht f\u00fchren kann.  <\/p>\n\n<\/div>\n<\/div>\n<\/div>\n<\/div>","protected":false},"excerpt":{"rendered":"<p>Nat\u00fcrlich m\u00f6chtest du, dass dein Kind gut ausgeruht durch den Tag kommt. Aber wie viel Schlaf braucht ein Kind? <\/p>\n","protected":false},"author":3,"featured_media":2362810,"comment_status":"closed","ping_status":"closed","sticky":false,"template":"","format":"standard","meta":{"_acf_changed":false,"inline_featured_image":false,"footnotes":""},"categories":[228],"tags":[],"class_list":["post-2362972","post","type-post","status-publish","format-standard","has-post-thumbnail","hentry","category-bildung"],"acf":[],"_links":{"self":[{"href":"https:\/\/www.nina.care\/de\/wp-json\/wp\/v2\/posts\/2362972","targetHints":{"allow":["GET"]}}],"collection":[{"href":"https:\/\/www.nina.care\/de\/wp-json\/wp\/v2\/posts"}],"about":[{"href":"https:\/\/www.nina.care\/de\/wp-json\/wp\/v2\/types\/post"}],"author":[{"embeddable":true,"href":"https:\/\/www.nina.care\/de\/wp-json\/wp\/v2\/users\/3"}],"replies":[{"embeddable":true,"href":"https:\/\/www.nina.care\/de\/wp-json\/wp\/v2\/comments?post=2362972"}],"version-history":[{"count":2,"href":"https:\/\/www.nina.care\/de\/wp-json\/wp\/v2\/posts\/2362972\/revisions"}],"predecessor-version":[{"id":2364243,"href":"https:\/\/www.nina.care\/de\/wp-json\/wp\/v2\/posts\/2362972\/revisions\/2364243"}],"wp:featuredmedia":[{"embeddable":true,"href":"https:\/\/www.nina.care\/de\/wp-json\/wp\/v2\/media\/2362810"}],"wp:attachment":[{"href":"https:\/\/www.nina.care\/de\/wp-json\/wp\/v2\/media?parent=2362972"}],"wp:term":[{"taxonomy":"category","embeddable":true,"href":"https:\/\/www.nina.care\/de\/wp-json\/wp\/v2\/categories?post=2362972"},{"taxonomy":"post_tag","embeddable":true,"href":"https:\/\/www.nina.care\/de\/wp-json\/wp\/v2\/tags?post=2362972"}],"curies":[{"name":"wp","href":"https:\/\/api.w.org\/{rel}","templated":true}]}}